{"id":7784,"date":"2025-02-24T16:18:25","date_gmt":"2025-02-24T19:18:25","guid":{"rendered":"https:\/\/www.austernutri.com.br\/blog\/?p=7784"},"modified":"2025-02-24T16:18:26","modified_gmt":"2025-02-24T19:18:26","slug":"como-manter-as-aves-de-postura-saudaveis-em-periodos-de-calor-intenso","status":"publish","type":"post","link":"https:\/\/www.austernutri.com.br\/blog\/como-manter-as-aves-de-postura-saudaveis-em-periodos-de-calor-intenso\/","title":{"rendered":"Como manter as aves de postura saud\u00e1veis em per\u00edodos de calor intenso"},"content":{"rendered":"\n<p>O ver\u00e3o \u00e9 sempre um desafio para a avicultura brasileira. Nesse per\u00edodo do ano, as temperaturas s\u00e3o elevadas, impondo desafios t\u00e9rmicos para as granjas. \u201cO ideal para as aves \u00e9 quando a temperatura est\u00e1 entre 18oC e 24oC. Acima desse patamar, o estresse por calor come\u00e7a a desestabilizar os animais e \u00e9 necess\u00e1rio utilizar medidas para redu\u00e7\u00e3o da temperatura ambiental, al\u00e9m de realizar outras a\u00e7\u00f5es de manejo das aves\u201d, comenta a zootecnista da Auster Nutri\u00e7\u00e3o Animal, Suellen Gazzola.<\/p>\n\n\n\n<p>Em consequ\u00eancia desse desafio, no alto calor as aves consomem menos ra\u00e7\u00e3o e, portanto, n\u00e3o se desenvolvem como o planejado. A ingest\u00e3o de nutrientes essenciais, como prote\u00ednas, vitaminas e minerais, \u00e9 impactada, afetando ganho de peso, efic\u00e1cia alimentar, viabilidade produtiva e, no caso das poedeiras, diminui a qualidade da casca do ovo. \u201cO avicultor pode perder at\u00e9 12% da produ\u00e7\u00e3o de ovos, segundo a Embrapa, devido \u00e0 defici\u00eancia nutricional. E isso, obviamente, afeta a rentabilidade da granja\u201d, explica a especialista.<\/p>\n\n\n\n<p>Suellen sugere a\u00e7\u00f5es para recuperar e aumentar o consumo da ra\u00e7\u00e3o, como o fornecimento dos alimentos em hor\u00e1rios espec\u00edficos. \u201cDeve ser reduzido em per\u00edodos de pico de calor e aumentado em per\u00edodos mais frescos do dia, como pela manh\u00e3 e no final da tarde. Al\u00e9m disso, a \u00e1gua tamb\u00e9m \u00e9 primordial nesse est\u00e1gio, sendo necess\u00e1rio o fornecimento \u00e0 vontade. Ela deve estar fresca e com qualidade. Recomenda-se a realiza\u00e7\u00e3o de flushing, m\u00e9todo de limpeza de tubula\u00e7\u00f5es, garantindo assim a m\u00e1xima pureza da \u00e1gua\u201d.<\/p>\n\n\n\n<p>A Auster Nutri\u00e7\u00e3o Animal contribui para o sucesso do manejo das aves no ver\u00e3o, oferecendo solu\u00e7\u00f5es eficazes para o correto manejo nutricional das aves, que fornecem os nutrientes necess\u00e1rios para cada fase e momento da produ\u00e7\u00e3o. Em rela\u00e7\u00e3o \u00e0 qualidade da \u00e1gua, a empresa recomenda o uso de Intra Hydrocare, \u00e0 base de per\u00f3xido de hidrog\u00eanio ultra estabilizado, que retira o biofilme org\u00e2nico, eliminando bact\u00e9rias, v\u00edrus, leveduras e fungos dos bebedouros. O produto pode ser utilizado em vazio sanit\u00e1rio e na presen\u00e7a das aves, variando a sua concentra\u00e7\u00e3o.<\/p>\n\n\n\n<p>Quanto \u00e0 reposi\u00e7\u00e3o energ\u00e9tica, o avicultor deve usar Aela Power e PRIUS, e, para a reposi\u00e7\u00e3o energ\u00e9tica e proteica, PRIUS Essence. A reposi\u00e7\u00e3o mineral tamb\u00e9m \u00e9 essencial, sendo recuperada com Numia Super Casca e Numia Vitalis, com \u00eanfase \u00e0 presen\u00e7a das vitaminas C e E, agindo como antioxidantes nessa fase de condi\u00e7\u00f5es de calor intenso.<\/p>\n\n\n\n<p>\u201cMonitorar a temperatura dos galp\u00f5es, manter a temperatura e a umidade interna nos padr\u00f5es aceit\u00e1veis pelas aves, verificar a temperatura da \u00e1gua, dispor de sistemas de ventila\u00e7\u00e3o e nebuliza\u00e7\u00e3o est\u00e3o entre as a\u00e7\u00f5es que tamb\u00e9m contribuem para o bom manejo das aves em temperaturas extremas\u201d, pontua Suellen Gazzola.<\/p>\n\n\n\n<section class=\"wp-block-group autor_box has-background\" style=\"background-color:#f2f2f2\"><div class=\"wp-block-group__inner-container is-layout-constrained wp-block-group-is-layout-constrained\">\n<div class=\"wp-block-media-text is-stacked-on-mobile\" style=\"grid-template-columns:25% auto\"><figure class=\"wp-block-media-text__media\"><img fetchpriority=\"high\" decoding=\"async\" width=\"620\" height=\"609\" src=\"https:\/\/www.austernutri.com.br\/blog\/wp-content\/uploads\/2024\/10\/WhatsApp-Image-2024-09-10-at-15.22.36.jpeg\" alt=\"\" class=\"wp-image-7625 size-full\" srcset=\"https:\/\/www.austernutri.com.br\/blog\/wp-content\/uploads\/2024\/10\/WhatsApp-Image-2024-09-10-at-15.22.36.jpeg 620w, https:\/\/www.austernutri.com.br\/blog\/wp-content\/uploads\/2024\/10\/WhatsApp-Image-2024-09-10-at-15.22.36-300x295.jpeg 300w\" sizes=\"(max-width: 620px) 100vw, 620px\" \/><\/figure><div class=\"wp-block-media-text__content\">\n<h3 class=\"wp-block-heading\"><br>Suellen Gazzola<\/h3>\n\n\n\n<p>Zootecnista da Auster Nutri\u00e7\u00e3o Animal.<br><\/p>\n<\/div><\/div>\n<\/div><\/section>\n","protected":false},"excerpt":{"rendered":"<div class=\"tmnf_excerpt meta_deko\"><p>O ver\u00e3o \u00e9 sempre um desafio para a avicultura brasileira. Nesse per\u00edodo do ano, as temperaturas s\u00e3o elevadas, impondo desafios t\u00e9rmicos para as granjas. \u201cO ideal para as aves \u00e9 quando a temperatura est\u00e1 entre 18oC e 24oC. Acima desse patamar, o estresse por calor come\u00e7a a desestabilizar os animais e \u00e9 necess\u00e1rio utilizar medidas &hellip;<\/p>\n<\/div>","protected":false},"author":3,"featured_media":7785,"comment_status":"closed","ping_status":"open","sticky":false,"template":"","format":"standard","meta":{"footnotes":""},"categories":[86,2,103],"tags":[94,127],"class_list":["post-7784","post","type-post","status-publish","format-standard","has-post-thumbnail","hentry","category-aves","category-destaque","category-postura","tag-aves","tag-postura"],"_links":{"self":[{"href":"https:\/\/www.austernutri.com.br\/blog\/wp-json\/wp\/v2\/posts\/7784","targetHints":{"allow":["GET"]}}],"collection":[{"href":"https:\/\/www.austernutri.com.br\/blog\/wp-json\/wp\/v2\/posts"}],"about":[{"href":"https:\/\/www.austernutri.com.br\/blog\/wp-json\/wp\/v2\/types\/post"}],"author":[{"embeddable":true,"href":"https:\/\/www.austernutri.com.br\/blog\/wp-json\/wp\/v2\/users\/3"}],"replies":[{"embeddable":true,"href":"https:\/\/www.austernutri.com.br\/blog\/wp-json\/wp\/v2\/comments?post=7784"}],"version-history":[{"count":1,"href":"https:\/\/www.austernutri.com.br\/blog\/wp-json\/wp\/v2\/posts\/7784\/revisions"}],"predecessor-version":[{"id":7786,"href":"https:\/\/www.austernutri.com.br\/blog\/wp-json\/wp\/v2\/posts\/7784\/revisions\/7786"}],"wp:featuredmedia":[{"embeddable":true,"href":"https:\/\/www.austernutri.com.br\/blog\/wp-json\/wp\/v2\/media\/7785"}],"wp:attachment":[{"href":"https:\/\/www.austernutri.com.br\/blog\/wp-json\/wp\/v2\/media?parent=7784"}],"wp:term":[{"taxonomy":"category","embeddable":true,"href":"https:\/\/www.austernutri.com.br\/blog\/wp-json\/wp\/v2\/categories?post=7784"},{"taxonomy":"post_tag","embeddable":true,"href":"https:\/\/www.austernutri.com.br\/blog\/wp-json\/wp\/v2\/tags?post=7784"}],"curies":[{"name":"wp","href":"https:\/\/api.w.org\/{rel}","templated":true}]}}