{"id":7880,"date":"2025-11-26T17:17:31","date_gmt":"2025-11-26T20:17:31","guid":{"rendered":"https:\/\/www.austernutri.com.br\/blog\/?p=7880"},"modified":"2025-11-26T17:17:32","modified_gmt":"2025-11-26T20:17:32","slug":"ambiencia-na-suinocultura-e-fator-decisivo-para-bem-estar-saude-e-desempenho-dos-animais","status":"publish","type":"post","link":"https:\/\/www.austernutri.com.br\/blog\/ambiencia-na-suinocultura-e-fator-decisivo-para-bem-estar-saude-e-desempenho-dos-animais\/","title":{"rendered":"Ambi\u00eancia na suinocultura \u00e9 fator decisivo para bem-estar, sa\u00fade e desempenho dos animais"},"content":{"rendered":"\n<p>A ambi\u00eancia \u00e9 um dos pilares da suinocultura e exerce influ\u00eancia direta no desempenho zoot\u00e9cnico, sanidade e bem-estar dos animais em todas as etapas do ciclo produtivo. Vari\u00e1veis como temperatura, umidade, ventila\u00e7\u00e3o, luminosidade e qualidade do ar devem ser rigorosamente controladas para garantir que os su\u00ednos expressem seu m\u00e1ximo potencial gen\u00e9tico e produtivo.<\/p>\n\n\n\n<p>Segundo o m\u00e9dico-veterin\u00e1rio Patryck Dias, da Auster Nutri\u00e7\u00e3o Animal, a ambi\u00eancia \u00e9 um dos fatores mais estrat\u00e9gicos e muitas vezes subestimados nos sistemas intensivos de cria\u00e7\u00e3o. \u201cA suinocultura industrial depende completamente de ambientes controlados. Os animais n\u00e3o t\u00eam liberdade para buscar conforto t\u00e9rmico por conta pr\u00f3pria. Por isso, cabe a n\u00f3s, profissionais e produtores, criar esse ambiente ideal. Ignorar esse ponto \u00e9 comprometer a produtividade, o bem-estar e, principalmente, a sustentabilidade do sistema\u201d.<\/p>\n\n\n\n<p>Durante a gesta\u00e7\u00e3o, a ambi\u00eancia interfere diretamente no conforto da matriz e no desenvolvimento fetal. \u201cTemperaturas elevadas, por exemplo, podem provocar estresse severo, reduzindo a prolificidade e aumentando o risco de abortos\u201d, explica Patryck.<\/p>\n\n\n\n<p>Na fase de lacta\u00e7\u00e3o, o desafio \u00e9 equilibrar o conforto t\u00e9rmico da f\u00eamea e dos leit\u00f5es. Enquanto a matriz su\u00edna se desenvolve melhor em temperaturas entre 18\u00b0C e 22\u00b0C, os rec\u00e9m-nascidos exigem aquecimento extra, j\u00e1 que ainda n\u00e3o possuem regula\u00e7\u00e3o t\u00e9rmica eficiente. \u201cO uso de l\u00e2mpadas infravermelhas ou placas aquecidas podem ser alternativas interessantes, j\u00e1 que o aquecimento torna-se essencial para garantir sobreviv\u00eancia e bom desenvolvimento dos leit\u00f5es nesse per\u00edodo\u201d, destaca o m\u00e9dico-veterin\u00e1rio da Auster.<\/p>\n\n\n\n<p>Na creche, os animais enfrentam uma s\u00e9rie de mudan\u00e7as simult\u00e2neas, nova dieta, novo ambiente e adapta\u00e7\u00f5es imunol\u00f3gicas. Nessa fase cr\u00edtica, qualquer falha na ambi\u00eancia pode levar a quadros de estresse t\u00e9rmico, diarreias, infec\u00e7\u00f5es e perda de desempenho.<\/p>\n\n\n\n<p>\u201cA fase p\u00f3s-desmame exige um manejo cuidadoso para assegurar uma boa sa\u00fade e crescimento dos animais. Al\u00e9m da temperatura, investir tamb\u00e9m em ventila\u00e7\u00e3o adequada, evitar correntes de ar e manter a umidade sob controle \u00e9 essencial para manter os leit\u00f5es saud\u00e1veis\u201d, ressalta Patryck.<\/p>\n\n\n\n<p>J\u00e1 nas fases de crescimento e termina\u00e7\u00e3o, a ambi\u00eancia continua sendo determinante. Temperaturas acima de 28\u00b0C podem reduzir o consumo de alimentos, prejudicando o ganho de peso e a convers\u00e3o alimentar. Al\u00e9m disso, a ventila\u00e7\u00e3o deve ser suficiente para remover gases nocivos, como am\u00f4nia e CO\u2082, que impactam a sa\u00fade respirat\u00f3ria e o conforto dos animais.<\/p>\n\n\n\n<p>De acordo com Patryck Dias, a suinocultura tem se beneficiado de diversas tecnologias voltadas ao controle ambiental, como os sistemas de ventila\u00e7\u00e3o natural e for\u00e7ada; equipamentos de aquecimento suplementar nas maternidades e creches; sistemas de resfriamento (cooling), especialmente em regi\u00f5es de clima quente; sensores automatizados para monitoramento cont\u00ednuo de temperatura e umidade; al\u00e9m de treinamento cont\u00ednuo das equipes de manejo.<\/p>\n\n\n\n<p>\u201cAmbi\u00eancia \u00e9 mais do que conforto t\u00e9rmico. Ela representa um investimento em sa\u00fade, produtividade e sustentabilidade. E \u00e9 justamente isso que o futuro da suinocultura exige de todos n\u00f3s\u201d, assinala o veterin\u00e1rio da Auster.<\/p>\n\n\n\n<section class=\"wp-block-group autor_box has-background\" style=\"background-color:#f2f2f2\"><div class=\"wp-block-group__inner-container is-layout-constrained wp-block-group-is-layout-constrained\">\n<div class=\"wp-block-media-text is-stacked-on-mobile\" style=\"grid-template-columns:25% auto\"><figure class=\"wp-block-media-text__media\"><img fetchpriority=\"high\" decoding=\"async\" width=\"1024\" height=\"1024\" src=\"https:\/\/www.austernutri.com.br\/blog\/wp-content\/uploads\/2025\/11\/PATRYCK-DIAS_2-1024x1024.png\" alt=\"\" class=\"wp-image-7873 size-full\" srcset=\"https:\/\/www.austernutri.com.br\/blog\/wp-content\/uploads\/2025\/11\/PATRYCK-DIAS_2-1024x1024.png 1024w, https:\/\/www.austernutri.com.br\/blog\/wp-content\/uploads\/2025\/11\/PATRYCK-DIAS_2-300x300.png 300w, https:\/\/www.austernutri.com.br\/blog\/wp-content\/uploads\/2025\/11\/PATRYCK-DIAS_2-150x150.png 150w, https:\/\/www.austernutri.com.br\/blog\/wp-content\/uploads\/2025\/11\/PATRYCK-DIAS_2-768x768.png 768w, https:\/\/www.austernutri.com.br\/blog\/wp-content\/uploads\/2025\/11\/PATRYCK-DIAS_2-850x850.png 850w, https:\/\/www.austernutri.com.br\/blog\/wp-content\/uploads\/2025\/11\/PATRYCK-DIAS_2-570x570.png 570w, https:\/\/www.austernutri.com.br\/blog\/wp-content\/uploads\/2025\/11\/PATRYCK-DIAS_2.png 1129w\" sizes=\"(max-width: 1024px) 100vw, 1024px\" \/><\/figure><div class=\"wp-block-media-text__content\">\n<h3 class=\"wp-block-heading\"><br>Patryck Dias<\/h3>\n\n\n\n<p>M\u00e9dico Veterin\u00e1rio da Auster Nutri\u00e7\u00e3o Animal.<br><\/p>\n<\/div><\/div>\n<\/div><\/section>\n","protected":false},"excerpt":{"rendered":"<div class=\"tmnf_excerpt meta_deko\"><p>A ambi\u00eancia \u00e9 um dos pilares da suinocultura e exerce influ\u00eancia direta no desempenho zoot\u00e9cnico, sanidade e bem-estar dos animais em todas as etapas do ciclo produtivo. Vari\u00e1veis como temperatura, umidade, ventila\u00e7\u00e3o, luminosidade e qualidade do ar devem ser rigorosamente controladas para garantir que os su\u00ednos expressem seu m\u00e1ximo potencial gen\u00e9tico e produtivo. Segundo o &hellip;<\/p>\n<\/div>","protected":false},"author":3,"featured_media":7881,"comment_status":"closed","ping_status":"open","sticky":false,"template":"single-hero-cover.php","format":"standard","meta":{"footnotes":""},"categories":[2,88],"tags":[96],"class_list":["post-7880","post","type-post","status-publish","format-standard","has-post-thumbnail","hentry","category-destaque","category-suinos","tag-suinos"],"_links":{"self":[{"href":"https:\/\/www.austernutri.com.br\/blog\/wp-json\/wp\/v2\/posts\/7880","targetHints":{"allow":["GET"]}}],"collection":[{"href":"https:\/\/www.austernutri.com.br\/blog\/wp-json\/wp\/v2\/posts"}],"about":[{"href":"https:\/\/www.austernutri.com.br\/blog\/wp-json\/wp\/v2\/types\/post"}],"author":[{"embeddable":true,"href":"https:\/\/www.austernutri.com.br\/blog\/wp-json\/wp\/v2\/users\/3"}],"replies":[{"embeddable":true,"href":"https:\/\/www.austernutri.com.br\/blog\/wp-json\/wp\/v2\/comments?post=7880"}],"version-history":[{"count":1,"href":"https:\/\/www.austernutri.com.br\/blog\/wp-json\/wp\/v2\/posts\/7880\/revisions"}],"predecessor-version":[{"id":7882,"href":"https:\/\/www.austernutri.com.br\/blog\/wp-json\/wp\/v2\/posts\/7880\/revisions\/7882"}],"wp:featuredmedia":[{"embeddable":true,"href":"https:\/\/www.austernutri.com.br\/blog\/wp-json\/wp\/v2\/media\/7881"}],"wp:attachment":[{"href":"https:\/\/www.austernutri.com.br\/blog\/wp-json\/wp\/v2\/media?parent=7880"}],"wp:term":[{"taxonomy":"category","embeddable":true,"href":"https:\/\/www.austernutri.com.br\/blog\/wp-json\/wp\/v2\/categories?post=7880"},{"taxonomy":"post_tag","embeddable":true,"href":"https:\/\/www.austernutri.com.br\/blog\/wp-json\/wp\/v2\/tags?post=7880"}],"curies":[{"name":"wp","href":"https:\/\/api.w.org\/{rel}","templated":true}]}}